{"id":199,"date":"2008-12-19T12:10:53","date_gmt":"2008-12-19T18:10:53","guid":{"rendered":"http:\/\/www.cortig.net\/wordpress\/?p=199"},"modified":"2008-12-19T12:10:58","modified_gmt":"2008-12-19T18:10:58","slug":"messenger-av-beta","status":"publish","type":"post","link":"https:\/\/www.cortig.net\/wordpress\/2008\/12\/19\/messenger-av-beta\/","title":{"rendered":"Messenger A\/V beta"},"content":{"rendered":"<p>Just out on the <a href=\"http:\/\/www.officeformac.com\/blog\/An-Update-on-Messenger-for-Mac\">MacTopia blog<\/a>:<br \/>\nA beta of Messenger with A\/V support should be out in 2009.<br \/>\nIt doesn&#8217;t say when in 2009, but at least it&#8217;s coming \ud83d\ude42<br \/>\nA demo should be up and running at MacWorld.<\/p>\n<p>Thanks to Nadyne for pointing this out to me,<\/p>\n<hr align=\"center\" \/>\n<p>Tout frais (en anglais) sur le <a href=\"http:\/\/www.officeformac.com\/blog\/An-Update-on-Messenger-for-Mac\">blog de MacTopia<\/a>\u00a0:<br \/>\nune version b\u00e9ta de Messenger avec supprot A\/V devrait \u00eatre disponible en 2009.<br \/>\n\u00c7a ne dit pas quand en 2009, maius au moins \u00e7a vient \ud83d\ude42<br \/>\nUne d\u00e9mo devrait \u00eatre offerte \u00e0 MacWorld<\/p>\n<p>Tous mes remerciements \u00e0 Nadyne pour me l&#8217;avoir fait remarquer,<\/p>","protected":false},"excerpt":{"rendered":"<p>Just out on the MacTopia blog: A beta of Messenger with A\/V support should be out in 2009. It doesn&#8217;t say when in 2009, but at least it&#8217;s coming \ud83d\ude42 A demo should be up and running at MacWorld. Thanks to Nadyne for pointing this out to me, Tout frais (en anglais) sur le blog de MacTopia\u00a0: une version b\u00e9ta de Messenger avec supprot A\/V devrait \u00eatre disponible en 2009. \u00c7a ne dit pas quand en 2009, maius au moins \u00e7a vient \ud83d\ude42 Une d\u00e9mo&hellip;<\/p>\n","protected":false},"author":1,"featured_media":0,"comment_status":"open","ping_status":"open","sticky":false,"template":"","format":"standard","meta":{"footnotes":""},"categories":[8],"tags":[19],"class_list":["post-199","post","type-post","status-publish","format-standard","hentry","category-office","tag-messenger"],"_links":{"self":[{"href":"https:\/\/www.cortig.net\/wordpress\/wp-json\/wp\/v2\/posts\/199","targetHints":{"allow":["GET"]}}],"collection":[{"href":"https:\/\/www.cortig.net\/wordpress\/wp-json\/wp\/v2\/posts"}],"about":[{"href":"https:\/\/www.cortig.net\/wordpress\/wp-json\/wp\/v2\/types\/post"}],"author":[{"embeddable":true,"href":"https:\/\/www.cortig.net\/wordpress\/wp-json\/wp\/v2\/users\/1"}],"replies":[{"embeddable":true,"href":"https:\/\/www.cortig.net\/wordpress\/wp-json\/wp\/v2\/comments?post=199"}],"version-history":[{"count":1,"href":"https:\/\/www.cortig.net\/wordpress\/wp-json\/wp\/v2\/posts\/199\/revisions"}],"predecessor-version":[{"id":200,"href":"https:\/\/www.cortig.net\/wordpress\/wp-json\/wp\/v2\/posts\/199\/revisions\/200"}],"wp:attachment":[{"href":"https:\/\/www.cortig.net\/wordpress\/wp-json\/wp\/v2\/media?parent=199"}],"wp:term":[{"taxonomy":"category","embeddable":true,"href":"https:\/\/www.cortig.net\/wordpress\/wp-json\/wp\/v2\/categories?post=199"},{"taxonomy":"post_tag","embeddable":true,"href":"https:\/\/www.cortig.net\/wordpress\/wp-json\/wp\/v2\/tags?post=199"}],"curies":[{"name":"wp","href":"https:\/\/api.w.org\/{rel}","templated":true}]}}