{"id":161,"date":"2008-01-31T12:46:06","date_gmt":"2008-01-31T18:46:06","guid":{"rendered":"http:\/\/www.cortig.net\/wordpress\/?p=161"},"modified":"2008-01-31T12:46:12","modified_gmt":"2008-01-31T18:46:12","slug":"office-2008-reforme-de-l%e2%80%99orthographe-spell-checking-in-french-with-the-%e2%80%9cnew-spelling%e2%80%9d","status":"publish","type":"post","link":"https:\/\/www.cortig.net\/wordpress\/2008\/01\/31\/office-2008-reforme-de-l%e2%80%99orthographe-spell-checking-in-french-with-the-%e2%80%9cnew-spelling%e2%80%9d\/","title":{"rendered":"Office 2008 : R\u00e9forme de l\u2019orthographe \/ Spell checking in French with the \u201dnew spelling\u201d"},"content":{"rendered":"<p>Post\u00e9 aujourd&#8217;hui sur le blog des d\u00e9veloppeurs en charge du correcteur orthographique d&#8217;Office : <a href=\"http:\/\/blogs.msdn.com\/correcteurorthographiqueoffice\/archive\/2008\/01\/31\/microsoft-office-2008-pour-mac-le-correcteur-orthographique-fran-ais-tient-d-sormais-compte-de-la-r-forme-de-l-orthographe.aspx\">CorrecteurOrthographiqueOffice : Microsoft Office 2008 pour Mac: le correcteur orthographique fran\u00e7ais tient d\u00e9sormais compte de la r\u00e9forme de l\u2019orthographe<\/a>.<\/p>\n<p>Le titre dit tout \ud83d\ude42 On a maintenant le choix entre les orthographes traditionnelles et post-r\u00e9forme,<\/p>\n<hr align=\"center\" \/>\n<p>It&#8217;s a post in French, but it could be of some interest to you if you occasionally write in French: <a href=\"http:\/\/blogs.msdn.com\/correcteurorthographiqueoffice\/archive\/2008\/01\/31\/microsoft-office-2008-pour-mac-le-correcteur-orthographique-fran-ais-tient-d-sormais-compte-de-la-r-forme-de-l-orthographe.aspx\">CorrecteurOrthographiqueOffice : Microsoft Office 2008 pour Mac: le correcteur orthographique fran\u00e7ais tient d\u00e9sormais compte de la r\u00e9forme de l\u2019orthographe<\/a>.<\/p>\n<p>The spell-checker for French in Office 2008 now takes in consideration the new spellings approved (and recommended) by the Acad\u00e9mie Fran\u00e7aise overseeing the evolutions of the rules for spelling in French,<\/p>","protected":false},"excerpt":{"rendered":"<p>Post\u00e9 aujourd&#8217;hui sur le blog des d\u00e9veloppeurs en charge du correcteur orthographique d&#8217;Office : CorrecteurOrthographiqueOffice : Microsoft Office 2008 pour Mac: le correcteur orthographique fran\u00e7ais tient d\u00e9sormais compte de la r\u00e9forme de l\u2019orthographe. Le titre dit tout \ud83d\ude42 On a maintenant le choix entre les orthographes traditionnelles et post-r\u00e9forme, It&#8217;s a post in French, but it could be of some interest to you if you occasionally write in French: CorrecteurOrthographiqueOffice : Microsoft Office 2008 pour Mac: le correcteur orthographique fran\u00e7ais tient d\u00e9sormais compte de la&hellip;<\/p>\n","protected":false},"author":1,"featured_media":0,"comment_status":"open","ping_status":"open","sticky":false,"template":"","format":"standard","meta":{"footnotes":""},"categories":[2],"tags":[],"class_list":["post-161","post","type-post","status-publish","format-standard","hentry","category-macms-apps"],"_links":{"self":[{"href":"https:\/\/www.cortig.net\/wordpress\/wp-json\/wp\/v2\/posts\/161","targetHints":{"allow":["GET"]}}],"collection":[{"href":"https:\/\/www.cortig.net\/wordpress\/wp-json\/wp\/v2\/posts"}],"about":[{"href":"https:\/\/www.cortig.net\/wordpress\/wp-json\/wp\/v2\/types\/post"}],"author":[{"embeddable":true,"href":"https:\/\/www.cortig.net\/wordpress\/wp-json\/wp\/v2\/users\/1"}],"replies":[{"embeddable":true,"href":"https:\/\/www.cortig.net\/wordpress\/wp-json\/wp\/v2\/comments?post=161"}],"version-history":[{"count":0,"href":"https:\/\/www.cortig.net\/wordpress\/wp-json\/wp\/v2\/posts\/161\/revisions"}],"wp:attachment":[{"href":"https:\/\/www.cortig.net\/wordpress\/wp-json\/wp\/v2\/media?parent=161"}],"wp:term":[{"taxonomy":"category","embeddable":true,"href":"https:\/\/www.cortig.net\/wordpress\/wp-json\/wp\/v2\/categories?post=161"},{"taxonomy":"post_tag","embeddable":true,"href":"https:\/\/www.cortig.net\/wordpress\/wp-json\/wp\/v2\/tags?post=161"}],"curies":[{"name":"wp","href":"https:\/\/api.w.org\/{rel}","templated":true}]}}